{"id":2664,"date":"2025-02-24T11:57:14","date_gmt":"2025-02-24T10:57:14","guid":{"rendered":"https:\/\/ukelelegastro.es\/?p=2664"},"modified":"2025-04-24T16:49:50","modified_gmt":"2025-04-24T15:49:50","slug":"ximo-boronat-i-micalet","status":"publish","type":"post","link":"https:\/\/ukelelegastro.es\/en\/ximo-boronat-i-micalet\/","title":{"rendered":"Ximo Boronat i Micalet (02\/2025-04\/2025)"},"content":{"rendered":"<div class=\"wp-block-uagb-advanced-heading uagb-block-23fa4db0\"><h4 class=\"uagb-heading-text\"><strong>Conceptual artist, emotional horchatero<\/strong><\/h4><\/div>\n\n\n\n<p>Born in Albalat dels Tarongers in 1982, he currently resides in an adapted attic in the Cabanyal neighborhood, surrounded by recycled fishing nets and aloe vera plants. Since childhood, Ximo has shown a curious fascination with the textures of food and the stains they left on his grandmother's tablecloth.<\/p>\n\n\n\n<p>His approach to art began when he tried to make a portrait of his cat with 'cremaet' and ended up selling it on Wallapop to a Norwegian collector. Since then, Ximo has dedicated himself to what he calls <em>\"visceral proximity art\"<\/em>, using only materials collected from local markets: dried horchata, candied orange peel, squid ink, and recycled fallas.<\/p>\n\n\n\n<p>At an opening, his installation titled <em>\"Silence of wet fart\u00f3\"<\/em> was mistaken for the snack from the catering, and several attendees ended up chewing on his main piece. Ximo considered it 'the culmination of the multisensory experience he was aiming for.<\/p>\n\n\n\n<p>Ximo says that everything he does is based on three pillars: 'the smell of gunpowder, baked rice, and the memory of things that are no longer done.'<\/p>\n\n\n\n<p><\/p>\n\n\n\n<div class=\"wp-block-uagb-container uagb-block-0285e3ce alignfull uagb-is-root-container\"><div class=\"uagb-container-inner-blocks-wrap\">\n<div class=\"wp-block-uagb-container uagb-block-25438314\">\n<div class=\"wp-block-uagb-advanced-heading uagb-block-b320e291\"><h4 class=\"uagb-heading-text\">Manjares sense fi<\/h4><\/div>\n\n\n\n<div class=\"wp-block-uagb-image uagb-block-af7804de wp-block-uagb-image--layout-default wp-block-uagb-image--effect-static wp-block-uagb-image--align-none\"><figure class=\"wp-block-uagb-image__figure\"><img loading=\"lazy\" decoding=\"async\" srcset=\"https:\/\/ukelelegastro.es\/wp-content\/uploads\/2025\/04\/homenaje-ukelele-683x1024.png ,https:\/\/ukelelegastro.es\/wp-content\/uploads\/2025\/04\/homenaje-ukelele.png 780w, https:\/\/ukelelegastro.es\/wp-content\/uploads\/2025\/04\/homenaje-ukelele.png 360w\" sizes=\"auto, (max-width: 480px) 150px\" src=\"https:\/\/ukelelegastro.es\/wp-content\/uploads\/2025\/04\/homenaje-ukelele-683x1024.png\" alt=\"\" class=\"uag-image-2670\" width=\"2850\" height=\"3563\" title=\"homenaje-ukelele\" role=\"img\"\/><\/figure><\/div>\n\n\n\n<p class=\"has-text-align-center\">Beach offering to endless food<br><strong>98\u20ac<\/strong><\/p>\n<\/div>\n\n\n\n<div class=\"wp-block-uagb-container uagb-block-95b8e559\">\n<div class=\"wp-block-uagb-advanced-heading uagb-block-48b91f28\"><h4 class=\"uagb-heading-text\">Pesca d&#8217;autor<\/h4><\/div>\n\n\n\n<div class=\"wp-block-uagb-image uagb-block-0be19654 wp-block-uagb-image--layout-default wp-block-uagb-image--effect-static wp-block-uagb-image--align-none\"><figure class=\"wp-block-uagb-image__figure\"><img loading=\"lazy\" decoding=\"async\" srcset=\"https:\/\/ukelelegastro.es\/wp-content\/uploads\/2025\/04\/pesca-sangria-683x1024.png ,https:\/\/ukelelegastro.es\/wp-content\/uploads\/2025\/04\/pesca-sangria.png 780w, https:\/\/ukelelegastro.es\/wp-content\/uploads\/2025\/04\/pesca-sangria.png 360w\" sizes=\"auto, (max-width: 480px) 150px\" src=\"https:\/\/ukelelegastro.es\/wp-content\/uploads\/2025\/04\/pesca-sangria-683x1024.png\" alt=\"\" class=\"uag-image-2671\" width=\"2850\" height=\"3563\" title=\"pesca-sangr\u00eda\" role=\"img\"\/><\/figure><\/div>\n\n\n\n<p class=\"has-text-align-center\">The happiest fisherman is the one who catches sangria<br><strong>120\u20ac<\/strong><\/p>\n<\/div>\n\n\n\n<div class=\"wp-block-uagb-container uagb-block-b4da992b\">\n<div class=\"wp-block-uagb-advanced-heading uagb-block-1bbcab7c\"><h4 class=\"uagb-heading-text\">Com menjar un figatell<\/h4><\/div>\n\n\n\n<div class=\"wp-block-uagb-image uagb-block-e9420a2f wp-block-uagb-image--layout-default wp-block-uagb-image--effect-static wp-block-uagb-image--align-none\"><figure class=\"wp-block-uagb-image__figure\"><img loading=\"lazy\" decoding=\"async\" srcset=\"https:\/\/ukelelegastro.es\/wp-content\/uploads\/2025\/04\/figatell-instrucciones-683x1024.png ,https:\/\/ukelelegastro.es\/wp-content\/uploads\/2025\/04\/figatell-instrucciones.png 780w, https:\/\/ukelelegastro.es\/wp-content\/uploads\/2025\/04\/figatell-instrucciones.png 360w\" sizes=\"auto, (max-width: 480px) 150px\" src=\"https:\/\/ukelelegastro.es\/wp-content\/uploads\/2025\/04\/figatell-instrucciones-683x1024.png\" alt=\"\" class=\"uag-image-2669\" width=\"2850\" height=\"3563\" title=\"figatell-instrucciones\" role=\"img\"\/><\/figure><\/div>\n\n\n\n<p class=\"has-text-align-center\">Technical diagram of steps to properly eat a figatell<br><strong>105\u20ac<\/strong><\/p>\n<\/div>\n<\/div><\/div>\n\n\n\n<p>You can contact Ximo to purchase these paintings or place a custom order through:<\/p>\n\n\n\n<div class=\"wp-block-uagb-container uagb-block-5b95e649 alignfull uagb-is-root-container\"><div class=\"uagb-container-inner-blocks-wrap\">\n<div class=\"wp-block-uagb-container uagb-block-a258c414\">\n<div class=\"wp-block-uagb-image uagb-block-a473f742 wp-block-uagb-image--layout-default wp-block-uagb-image--effect-static wp-block-uagb-image--align-none\"><figure class=\"wp-block-uagb-image__figure\"><a class=\"\" href=\"https:\/\/www.instagram.com\/guillermo.martin.v\/\" target=\"\" rel=\"noopener\"><img loading=\"lazy\" decoding=\"async\" srcset=\"https:\/\/ukelelegastro.es\/wp-content\/uploads\/2025\/04\/instagram.png ,https:\/\/ukelelegastro.es\/wp-content\/uploads\/2025\/04\/instagram.png 780w, https:\/\/ukelelegastro.es\/wp-content\/uploads\/2025\/04\/instagram.png 360w\" sizes=\"auto, (max-width: 480px) 150px\" src=\"https:\/\/ukelelegastro.es\/wp-content\/uploads\/2025\/04\/instagram.png\" alt=\"\" class=\"uag-image-2672\" width=\"30\" height=\"30\" title=\"instagram\" role=\"img\"\/><\/a><\/figure><\/div>\n\n\n\n<p class=\"has-text-align-center\"><a href=\"https:\/\/ukelelegastro.es\/en\/\">Instagram<\/a><\/p>\n<\/div>\n\n\n\n<div class=\"wp-block-uagb-container uagb-block-8984eedb\">\n<div class=\"wp-block-uagb-image uagb-block-4cb13bef wp-block-uagb-image--layout-default wp-block-uagb-image--effect-static wp-block-uagb-image--align-none\"><figure class=\"wp-block-uagb-image__figure\"><a class=\"\" href=\"https:\/\/ukelelegastro.es\/en\/\" target=\"\" rel=\"noopener\"><img loading=\"lazy\" decoding=\"async\" srcset=\"https:\/\/ukelelegastro.es\/wp-content\/uploads\/2025\/04\/internet.png ,https:\/\/ukelelegastro.es\/wp-content\/uploads\/2025\/04\/internet.png 780w, https:\/\/ukelelegastro.es\/wp-content\/uploads\/2025\/04\/internet.png 360w\" sizes=\"auto, (max-width: 480px) 150px\" src=\"https:\/\/ukelelegastro.es\/wp-content\/uploads\/2025\/04\/internet.png\" alt=\"\" class=\"uag-image-2673\" width=\"30\" height=\"30\" title=\"internet\" role=\"img\"\/><\/a><\/figure><\/div>\n\n\n\n<p class=\"has-text-align-center\"><a href=\"https:\/\/ukelelegastro.es\/en\/\">P\u00e1gina web<\/a><\/p>\n<\/div>\n\n\n\n<div class=\"wp-block-uagb-container uagb-block-3d3edaf9\">\n<div class=\"wp-block-uagb-image uagb-block-6f09f0fe wp-block-uagb-image--layout-default wp-block-uagb-image--effect-static wp-block-uagb-image--align-none\"><figure class=\"wp-block-uagb-image__figure\"><a class=\"\" href=\"https:\/\/wa.me\/34625781286\" target=\"\" rel=\"noopener\"><img loading=\"lazy\" decoding=\"async\" srcset=\"https:\/\/ukelelegastro.es\/wp-content\/uploads\/2025\/04\/whatsapp.png ,https:\/\/ukelelegastro.es\/wp-content\/uploads\/2025\/04\/whatsapp.png 780w, https:\/\/ukelelegastro.es\/wp-content\/uploads\/2025\/04\/whatsapp.png 360w\" sizes=\"auto, (max-width: 480px) 150px\" src=\"https:\/\/ukelelegastro.es\/wp-content\/uploads\/2025\/04\/whatsapp.png\" alt=\"\" class=\"uag-image-2674\" width=\"30\" height=\"30\" title=\"whatsapp\" role=\"img\"\/><\/a><\/figure><\/div>\n\n\n\n<p class=\"has-text-align-center\"><a href=\"https:\/\/wa.me\/34625781286\">WhatsApp<\/a><\/p>\n<\/div>\n<\/div><\/div>\n\n\n\n<p><\/p>","protected":false},"excerpt":{"rendered":"<p>Artista conceptual, horchatero emocional Nacido en Albalat dels Tarongers en 1982, actualmente reside en una buhardilla adaptada en el barrio del Cabanyal, rodeado de redes de pesca recicladas y plantas de aloe vera. Desde peque\u00f1o, Ximo mostr\u00f3 una curiosa fascinaci\u00f3n por las texturas de los alimentos y las manchas que dejaban en el mantel de [&hellip;]<\/p>\n","protected":false},"author":1,"featured_media":2670,"comment_status":"open","ping_status":"open","sticky":false,"template":"","format":"standard","meta":{"_uag_custom_page_level_css":"","site-sidebar-layout":"default","site-content-layout":"","ast-site-content-layout":"default","site-content-style":"default","site-sidebar-style":"default","ast-global-header-display":"","ast-banner-title-visibility":"","ast-main-header-display":"","ast-hfb-above-header-display":"","ast-hfb-below-header-display":"","ast-hfb-mobile-header-display":"","site-post-title":"","ast-breadcrumbs-content":"","ast-featured-img":"","footer-sml-layout":"","ast-disable-related-posts":"","theme-transparent-header-meta":"","adv-header-id-meta":"","stick-header-meta":"","header-above-stick-meta":"","header-main-stick-meta":"","header-below-stick-meta":"","astra-migrate-meta-layouts":"set","ast-page-background-enabled":"default","ast-page-background-meta":{"desktop":{"background-color":"","background-image":"","background-repeat":"repeat","background-position":"center center","background-size":"auto","background-attachment":"scroll","background-type":"","background-media":"","overlay-type":"","overlay-color":"","overlay-opacity":"","overlay-gradient":""},"tablet":{"background-color":"","background-image":"","background-repeat":"repeat","background-position":"center center","background-size":"auto","background-attachment":"scroll","background-type":"","background-media":"","overlay-type":"","overlay-color":"","overlay-opacity":"","overlay-gradient":""},"mobile":{"background-color":"","background-image":"","background-repeat":"repeat","background-position":"center center","background-size":"auto","background-attachment":"scroll","background-type":"","background-media":"","overlay-type":"","overlay-color":"","overlay-opacity":"","overlay-gradient":""}},"ast-content-background-meta":{"desktop":{"background-color":"var(--ast-global-color-5)","background-image":"","background-repeat":"repeat","background-position":"center center","background-size":"auto","background-attachment":"scroll","background-type":"","background-media":"","overlay-type":"","overlay-color":"","overlay-opacity":"","overlay-gradient":""},"tablet":{"background-color":"var(--ast-global-color-5)","background-image":"","background-repeat":"repeat","background-position":"center center","background-size":"auto","background-attachment":"scroll","background-type":"","background-media":"","overlay-type":"","overlay-color":"","overlay-opacity":"","overlay-gradient":""},"mobile":{"background-color":"var(--ast-global-color-5)","background-image":"","background-repeat":"repeat","background-position":"center center","background-size":"auto","background-attachment":"scroll","background-type":"","background-media":"","overlay-type":"","overlay-color":"","overlay-opacity":"","overlay-gradient":""}},"footnotes":""},"categories":[17],"tags":[],"class_list":["post-2664","post","type-post","status-publish","format-standard","has-post-thumbnail","hentry","category-ukelele-arte"],"yoast_head":"<!-- This site is optimized with the Yoast SEO plugin v25.3 - https:\/\/yoast.com\/wordpress\/plugins\/seo\/ -->\n<title>Ximo Boronat i Micalet (02\/2025-04\/2025) - ukelelegastro.es<\/title>\n<meta name=\"robots\" content=\"index, follow, max-snippet:-1, max-image-preview:large, max-video-preview:-1\" \/>\n<link rel=\"canonical\" href=\"https:\/\/ukelelegastro.es\/en\/ximo-boronat-i-micalet\/\" \/>\n<meta property=\"og:locale\" content=\"en_GB\" \/>\n<meta property=\"og:type\" content=\"article\" \/>\n<meta property=\"og:title\" content=\"Ximo Boronat i Micalet (02\/2025-04\/2025) - ukelelegastro.es\" \/>\n<meta property=\"og:description\" content=\"Artista conceptual, horchatero emocional Nacido en Albalat dels Tarongers en 1982, actualmente reside en una buhardilla adaptada en el barrio del Cabanyal, rodeado de redes de pesca recicladas y plantas de aloe vera. Desde peque\u00f1o, Ximo mostr\u00f3 una curiosa fascinaci\u00f3n por las texturas de los alimentos y las manchas que dejaban en el mantel de [&hellip;]\" \/>\n<meta property=\"og:url\" content=\"https:\/\/ukelelegastro.es\/en\/ximo-boronat-i-micalet\/\" \/>\n<meta property=\"og:site_name\" content=\"ukelelegastro.es\" \/>\n<meta property=\"article:publisher\" content=\"https:\/\/m.facebook.com\/100095652725861\/\" \/>\n<meta property=\"article:published_time\" content=\"2025-02-24T10:57:14+00:00\" \/>\n<meta property=\"article:modified_time\" content=\"2025-04-24T15:49:50+00:00\" \/>\n<meta property=\"og:image\" content=\"https:\/\/ukelelegastro.es\/wp-content\/uploads\/2025\/04\/homenaje-ukelele-683x1024.png\" \/>\n\t<meta property=\"og:image:width\" content=\"683\" \/>\n\t<meta property=\"og:image:height\" content=\"1024\" \/>\n\t<meta property=\"og:image:type\" content=\"image\/png\" \/>\n<meta name=\"author\" content=\"ukelele.vlc@gmail.com\" \/>\n<meta name=\"twitter:card\" content=\"summary_large_image\" \/>\n<meta name=\"twitter:label1\" content=\"Written by\" \/>\n\t<meta name=\"twitter:data1\" content=\"ukelele.vlc@gmail.com\" \/>\n\t<meta name=\"twitter:label2\" content=\"Estimated reading time\" \/>\n\t<meta name=\"twitter:data2\" content=\"3 minutes\" \/>\n<script type=\"application\/ld+json\" class=\"yoast-schema-graph\">{\"@context\":\"https:\/\/schema.org\",\"@graph\":[{\"@type\":\"Article\",\"@id\":\"https:\/\/ukelelegastro.es\/ximo-boronat-i-micalet\/#article\",\"isPartOf\":{\"@id\":\"https:\/\/ukelelegastro.es\/ximo-boronat-i-micalet\/\"},\"author\":{\"name\":\"ukelele.vlc@gmail.com\",\"@id\":\"https:\/\/www.ukelelegastro.es\/#\/schema\/person\/c818479af57afce6887daf23cf6d8246\"},\"headline\":\"Ximo Boronat i Micalet (02\/2025-04\/2025)\",\"datePublished\":\"2025-02-24T10:57:14+00:00\",\"dateModified\":\"2025-04-24T15:49:50+00:00\",\"mainEntityOfPage\":{\"@id\":\"https:\/\/ukelelegastro.es\/ximo-boronat-i-micalet\/\"},\"wordCount\":256,\"commentCount\":1,\"publisher\":{\"@id\":\"https:\/\/www.ukelelegastro.es\/#organization\"},\"image\":{\"@id\":\"https:\/\/ukelelegastro.es\/ximo-boronat-i-micalet\/#primaryimage\"},\"thumbnailUrl\":\"https:\/\/ukelelegastro.es\/wp-content\/uploads\/2025\/04\/homenaje-ukelele.png\",\"articleSection\":[\"Ukelele Arte\"],\"inLanguage\":\"en-GB\",\"potentialAction\":[{\"@type\":\"CommentAction\",\"name\":\"Comment\",\"target\":[\"https:\/\/ukelelegastro.es\/ximo-boronat-i-micalet\/#respond\"]}]},{\"@type\":\"WebPage\",\"@id\":\"https:\/\/ukelelegastro.es\/ximo-boronat-i-micalet\/\",\"url\":\"https:\/\/ukelelegastro.es\/ximo-boronat-i-micalet\/\",\"name\":\"Ximo Boronat i Micalet (02\/2025-04\/2025) - ukelelegastro.es\",\"isPartOf\":{\"@id\":\"https:\/\/www.ukelelegastro.es\/#website\"},\"primaryImageOfPage\":{\"@id\":\"https:\/\/ukelelegastro.es\/ximo-boronat-i-micalet\/#primaryimage\"},\"image\":{\"@id\":\"https:\/\/ukelelegastro.es\/ximo-boronat-i-micalet\/#primaryimage\"},\"thumbnailUrl\":\"https:\/\/ukelelegastro.es\/wp-content\/uploads\/2025\/04\/homenaje-ukelele.png\",\"datePublished\":\"2025-02-24T10:57:14+00:00\",\"dateModified\":\"2025-04-24T15:49:50+00:00\",\"breadcrumb\":{\"@id\":\"https:\/\/ukelelegastro.es\/ximo-boronat-i-micalet\/#breadcrumb\"},\"inLanguage\":\"en-GB\",\"potentialAction\":[{\"@type\":\"ReadAction\",\"target\":[\"https:\/\/ukelelegastro.es\/ximo-boronat-i-micalet\/\"]}]},{\"@type\":\"ImageObject\",\"inLanguage\":\"en-GB\",\"@id\":\"https:\/\/ukelelegastro.es\/ximo-boronat-i-micalet\/#primaryimage\",\"url\":\"https:\/\/ukelelegastro.es\/wp-content\/uploads\/2025\/04\/homenaje-ukelele.png\",\"contentUrl\":\"https:\/\/ukelelegastro.es\/wp-content\/uploads\/2025\/04\/homenaje-ukelele.png\",\"width\":1024,\"height\":1536,\"caption\":\"Un fest\u00edn interminable de hamburguesas y poke bowls flotando sobre el mar, \u00a1el para\u00edso gastron\u00f3mico sin l\u00edmites!\"},{\"@type\":\"BreadcrumbList\",\"@id\":\"https:\/\/ukelelegastro.es\/ximo-boronat-i-micalet\/#breadcrumb\",\"itemListElement\":[{\"@type\":\"ListItem\",\"position\":1,\"name\":\"Home\",\"item\":\"https:\/\/ukelelegastro.es\/\"},{\"@type\":\"ListItem\",\"position\":2,\"name\":\"Ximo Boronat i Micalet (02\/2025-04\/2025)\"}]},{\"@type\":\"WebSite\",\"@id\":\"https:\/\/www.ukelelegastro.es\/#website\",\"url\":\"https:\/\/www.ukelelegastro.es\/\",\"name\":\"ukelelegastro.es\",\"description\":\"Ukelele Gastro Lounge Valencia\",\"publisher\":{\"@id\":\"https:\/\/www.ukelelegastro.es\/#organization\"},\"potentialAction\":[{\"@type\":\"SearchAction\",\"target\":{\"@type\":\"EntryPoint\",\"urlTemplate\":\"https:\/\/www.ukelelegastro.es\/?s={search_term_string}\"},\"query-input\":{\"@type\":\"PropertyValueSpecification\",\"valueRequired\":true,\"valueName\":\"search_term_string\"}}],\"inLanguage\":\"en-GB\"},{\"@type\":\"Organization\",\"@id\":\"https:\/\/www.ukelelegastro.es\/#organization\",\"name\":\"Ukelele Gastro Lounge\",\"url\":\"https:\/\/www.ukelelegastro.es\/\",\"logo\":{\"@type\":\"ImageObject\",\"inLanguage\":\"en-GB\",\"@id\":\"https:\/\/www.ukelelegastro.es\/#\/schema\/logo\/image\/\",\"url\":\"https:\/\/ukelelegastro.es\/wp-content\/uploads\/2025\/03\/logo-ukelele-negro-fondo-naranja.png\",\"contentUrl\":\"https:\/\/ukelelegastro.es\/wp-content\/uploads\/2025\/03\/logo-ukelele-negro-fondo-naranja.png\",\"width\":500,\"height\":500,\"caption\":\"Ukelele Gastro Lounge\"},\"image\":{\"@id\":\"https:\/\/www.ukelelegastro.es\/#\/schema\/logo\/image\/\"},\"sameAs\":[\"https:\/\/m.facebook.com\/100095652725861\/\",\"https:\/\/www.instagram.com\/ukelele.gastrolounge\/\"]},{\"@type\":\"Person\",\"@id\":\"https:\/\/www.ukelelegastro.es\/#\/schema\/person\/c818479af57afce6887daf23cf6d8246\",\"name\":\"ukelele.vlc@gmail.com\",\"image\":{\"@type\":\"ImageObject\",\"inLanguage\":\"en-GB\",\"@id\":\"https:\/\/www.ukelelegastro.es\/#\/schema\/person\/image\/\",\"url\":\"https:\/\/secure.gravatar.com\/avatar\/67ce56beb19a00221463b483188b276b?s=96&d=mm&r=g\",\"contentUrl\":\"https:\/\/secure.gravatar.com\/avatar\/67ce56beb19a00221463b483188b276b?s=96&d=mm&r=g\",\"caption\":\"ukelele.vlc@gmail.com\"},\"sameAs\":[\"https:\/\/ukelelegastro.es\"],\"url\":\"https:\/\/ukelelegastro.es\/en\/author\/ukelele-vlcgmail-com\/\"}]}<\/script>\n<!-- \/ Yoast SEO plugin. -->","yoast_head_json":{"title":"Ximo Boronat i Micalet (02\/2025-04\/2025) - ukelelegastro.es","robots":{"index":"index","follow":"follow","max-snippet":"max-snippet:-1","max-image-preview":"max-image-preview:large","max-video-preview":"max-video-preview:-1"},"canonical":"https:\/\/ukelelegastro.es\/en\/ximo-boronat-i-micalet\/","og_locale":"en_GB","og_type":"article","og_title":"Ximo Boronat i Micalet (02\/2025-04\/2025) - ukelelegastro.es","og_description":"Artista conceptual, horchatero emocional Nacido en Albalat dels Tarongers en 1982, actualmente reside en una buhardilla adaptada en el barrio del Cabanyal, rodeado de redes de pesca recicladas y plantas de aloe vera. Desde peque\u00f1o, Ximo mostr\u00f3 una curiosa fascinaci\u00f3n por las texturas de los alimentos y las manchas que dejaban en el mantel de [&hellip;]","og_url":"https:\/\/ukelelegastro.es\/en\/ximo-boronat-i-micalet\/","og_site_name":"ukelelegastro.es","article_publisher":"https:\/\/m.facebook.com\/100095652725861\/","article_published_time":"2025-02-24T10:57:14+00:00","article_modified_time":"2025-04-24T15:49:50+00:00","og_image":[{"width":683,"height":1024,"url":"https:\/\/ukelelegastro.es\/wp-content\/uploads\/2025\/04\/homenaje-ukelele-683x1024.png","type":"image\/png"}],"author":"ukelele.vlc@gmail.com","twitter_card":"summary_large_image","twitter_misc":{"Written by":"ukelele.vlc@gmail.com","Estimated reading time":"3 minutes"},"schema":{"@context":"https:\/\/schema.org","@graph":[{"@type":"Article","@id":"https:\/\/ukelelegastro.es\/ximo-boronat-i-micalet\/#article","isPartOf":{"@id":"https:\/\/ukelelegastro.es\/ximo-boronat-i-micalet\/"},"author":{"name":"ukelele.vlc@gmail.com","@id":"https:\/\/www.ukelelegastro.es\/#\/schema\/person\/c818479af57afce6887daf23cf6d8246"},"headline":"Ximo Boronat i Micalet (02\/2025-04\/2025)","datePublished":"2025-02-24T10:57:14+00:00","dateModified":"2025-04-24T15:49:50+00:00","mainEntityOfPage":{"@id":"https:\/\/ukelelegastro.es\/ximo-boronat-i-micalet\/"},"wordCount":256,"commentCount":1,"publisher":{"@id":"https:\/\/www.ukelelegastro.es\/#organization"},"image":{"@id":"https:\/\/ukelelegastro.es\/ximo-boronat-i-micalet\/#primaryimage"},"thumbnailUrl":"https:\/\/ukelelegastro.es\/wp-content\/uploads\/2025\/04\/homenaje-ukelele.png","articleSection":["Ukelele Arte"],"inLanguage":"en-GB","potentialAction":[{"@type":"CommentAction","name":"Comment","target":["https:\/\/ukelelegastro.es\/ximo-boronat-i-micalet\/#respond"]}]},{"@type":"WebPage","@id":"https:\/\/ukelelegastro.es\/ximo-boronat-i-micalet\/","url":"https:\/\/ukelelegastro.es\/ximo-boronat-i-micalet\/","name":"Ximo Boronat i Micalet (02\/2025-04\/2025) - ukelelegastro.es","isPartOf":{"@id":"https:\/\/www.ukelelegastro.es\/#website"},"primaryImageOfPage":{"@id":"https:\/\/ukelelegastro.es\/ximo-boronat-i-micalet\/#primaryimage"},"image":{"@id":"https:\/\/ukelelegastro.es\/ximo-boronat-i-micalet\/#primaryimage"},"thumbnailUrl":"https:\/\/ukelelegastro.es\/wp-content\/uploads\/2025\/04\/homenaje-ukelele.png","datePublished":"2025-02-24T10:57:14+00:00","dateModified":"2025-04-24T15:49:50+00:00","breadcrumb":{"@id":"https:\/\/ukelelegastro.es\/ximo-boronat-i-micalet\/#breadcrumb"},"inLanguage":"en-GB","potentialAction":[{"@type":"ReadAction","target":["https:\/\/ukelelegastro.es\/ximo-boronat-i-micalet\/"]}]},{"@type":"ImageObject","inLanguage":"en-GB","@id":"https:\/\/ukelelegastro.es\/ximo-boronat-i-micalet\/#primaryimage","url":"https:\/\/ukelelegastro.es\/wp-content\/uploads\/2025\/04\/homenaje-ukelele.png","contentUrl":"https:\/\/ukelelegastro.es\/wp-content\/uploads\/2025\/04\/homenaje-ukelele.png","width":1024,"height":1536,"caption":"Un fest\u00edn interminable de hamburguesas y poke bowls flotando sobre el mar, \u00a1el para\u00edso gastron\u00f3mico sin l\u00edmites!"},{"@type":"BreadcrumbList","@id":"https:\/\/ukelelegastro.es\/ximo-boronat-i-micalet\/#breadcrumb","itemListElement":[{"@type":"ListItem","position":1,"name":"Home","item":"https:\/\/ukelelegastro.es\/"},{"@type":"ListItem","position":2,"name":"Ximo Boronat i Micalet (02\/2025-04\/2025)"}]},{"@type":"WebSite","@id":"https:\/\/www.ukelelegastro.es\/#website","url":"https:\/\/www.ukelelegastro.es\/","name":"ukelelegastro.es","description":"Ukelele Gastro Lounge Valencia","publisher":{"@id":"https:\/\/www.ukelelegastro.es\/#organization"},"potentialAction":[{"@type":"SearchAction","target":{"@type":"EntryPoint","urlTemplate":"https:\/\/www.ukelelegastro.es\/?s={search_term_string}"},"query-input":{"@type":"PropertyValueSpecification","valueRequired":true,"valueName":"search_term_string"}}],"inLanguage":"en-GB"},{"@type":"Organization","@id":"https:\/\/www.ukelelegastro.es\/#organization","name":"Ukelele Gastro Lounge","url":"https:\/\/www.ukelelegastro.es\/","logo":{"@type":"ImageObject","inLanguage":"en-GB","@id":"https:\/\/www.ukelelegastro.es\/#\/schema\/logo\/image\/","url":"https:\/\/ukelelegastro.es\/wp-content\/uploads\/2025\/03\/logo-ukelele-negro-fondo-naranja.png","contentUrl":"https:\/\/ukelelegastro.es\/wp-content\/uploads\/2025\/03\/logo-ukelele-negro-fondo-naranja.png","width":500,"height":500,"caption":"Ukelele Gastro Lounge"},"image":{"@id":"https:\/\/www.ukelelegastro.es\/#\/schema\/logo\/image\/"},"sameAs":["https:\/\/m.facebook.com\/100095652725861\/","https:\/\/www.instagram.com\/ukelele.gastrolounge\/"]},{"@type":"Person","@id":"https:\/\/www.ukelelegastro.es\/#\/schema\/person\/c818479af57afce6887daf23cf6d8246","name":"ukelele.vlc@gmail.com","image":{"@type":"ImageObject","inLanguage":"en-GB","@id":"https:\/\/www.ukelelegastro.es\/#\/schema\/person\/image\/","url":"https:\/\/secure.gravatar.com\/avatar\/67ce56beb19a00221463b483188b276b?s=96&d=mm&r=g","contentUrl":"https:\/\/secure.gravatar.com\/avatar\/67ce56beb19a00221463b483188b276b?s=96&d=mm&r=g","caption":"ukelele.vlc@gmail.com"},"sameAs":["https:\/\/ukelelegastro.es"],"url":"https:\/\/ukelelegastro.es\/en\/author\/ukelele-vlcgmail-com\/"}]}},"uagb_featured_image_src":{"full":["https:\/\/ukelelegastro.es\/wp-content\/uploads\/2025\/04\/homenaje-ukelele.png",1024,1536,false],"thumbnail":["https:\/\/ukelelegastro.es\/wp-content\/uploads\/2025\/04\/homenaje-ukelele-150x150.png",150,150,true],"medium":["https:\/\/ukelelegastro.es\/wp-content\/uploads\/2025\/04\/homenaje-ukelele-200x300.png",200,300,true],"medium_large":["https:\/\/ukelelegastro.es\/wp-content\/uploads\/2025\/04\/homenaje-ukelele-768x1152.png",768,1152,true],"large":["https:\/\/ukelelegastro.es\/wp-content\/uploads\/2025\/04\/homenaje-ukelele-683x1024.png",683,1024,true],"1536x1536":["https:\/\/ukelelegastro.es\/wp-content\/uploads\/2025\/04\/homenaje-ukelele.png",1024,1536,false],"2048x2048":["https:\/\/ukelelegastro.es\/wp-content\/uploads\/2025\/04\/homenaje-ukelele.png",1024,1536,false],"trp-custom-language-flag":["https:\/\/ukelelegastro.es\/wp-content\/uploads\/2025\/04\/homenaje-ukelele-8x12.png",8,12,true]},"uagb_author_info":{"display_name":"ukelele.vlc@gmail.com","author_link":"https:\/\/ukelelegastro.es\/en\/author\/ukelele-vlcgmail-com\/"},"uagb_comment_info":1,"uagb_excerpt":"Artista conceptual, horchatero emocional Nacido en Albalat dels Tarongers en 1982, actualmente reside en una buhardilla adaptada en el barrio del Cabanyal, rodeado de redes de pesca recicladas y plantas de aloe vera. Desde peque\u00f1o, Ximo mostr\u00f3 una curiosa fascinaci\u00f3n por las texturas de los alimentos y las manchas que dejaban en el mantel de&hellip;","_links":{"self":[{"href":"https:\/\/ukelelegastro.es\/en\/wp-json\/wp\/v2\/posts\/2664","targetHints":{"allow":["GET"]}}],"collection":[{"href":"https:\/\/ukelelegastro.es\/en\/wp-json\/wp\/v2\/posts"}],"about":[{"href":"https:\/\/ukelelegastro.es\/en\/wp-json\/wp\/v2\/types\/post"}],"author":[{"embeddable":true,"href":"https:\/\/ukelelegastro.es\/en\/wp-json\/wp\/v2\/users\/1"}],"replies":[{"embeddable":true,"href":"https:\/\/ukelelegastro.es\/en\/wp-json\/wp\/v2\/comments?post=2664"}],"version-history":[{"count":7,"href":"https:\/\/ukelelegastro.es\/en\/wp-json\/wp\/v2\/posts\/2664\/revisions"}],"predecessor-version":[{"id":2710,"href":"https:\/\/ukelelegastro.es\/en\/wp-json\/wp\/v2\/posts\/2664\/revisions\/2710"}],"wp:featuredmedia":[{"embeddable":true,"href":"https:\/\/ukelelegastro.es\/en\/wp-json\/wp\/v2\/media\/2670"}],"wp:attachment":[{"href":"https:\/\/ukelelegastro.es\/en\/wp-json\/wp\/v2\/media?parent=2664"}],"wp:term":[{"taxonomy":"category","embeddable":true,"href":"https:\/\/ukelelegastro.es\/en\/wp-json\/wp\/v2\/categories?post=2664"},{"taxonomy":"post_tag","embeddable":true,"href":"https:\/\/ukelelegastro.es\/en\/wp-json\/wp\/v2\/tags?post=2664"}],"curies":[{"name":"wp","href":"https:\/\/api.w.org\/{rel}","templated":true}]}}